{"id":1298,"date":"2022-06-30T06:01:52","date_gmt":"2022-06-30T06:01:52","guid":{"rendered":"http:\/\/omberg.lt\/news\/vilniuje-pristatytas-rekorda-pasiekes-3d-piesinys\/"},"modified":"2022-06-30T06:01:52","modified_gmt":"2022-06-30T06:01:52","slug":"vilniuje-pristatytas-rekorda-pasiekes-3d-piesinys","status":"publish","type":"news","link":"https:\/\/omberg.lt\/en\/news\/vilniuje-pristatytas-rekorda-pasiekes-3d-piesinys\/","title":{"rendered":"Vilniuje pristatytas rekord\u0105 pasiek\u0119s 3D gatv\u0117s pie\u0161inys: id\u0117j\u0105 \u012fkv\u0117p\u0117 ir \u012fvykiai Ukrainoje"},"content":{"rendered":"\n<p><strong>Vilniuje bir\u017eelio 14 dien\u0105 pristatytas did\u017eiausias Baltijos \u0161alyse ir dyd\u017eio rekord\u0105 Lietuvoje pasiek\u0119s trimatis gatv\u0117s pie\u0161inys. Visai greta sostin\u0117s spaudos r\u016bm\u0173 k\u016brin\u012f pavadinimu \u201eMeil\u0117 ir baim\u0117\u201c nutap\u0117 pasaulinio garso menininkas Edgaras Muelleris.<\/strong><\/p>\n\n\n\n<p>Vir\u0161uli\u0161k\u0117se nutapytas pie\u0161inys siekia net 25,92 metr\u0173 ilg\u012f ir 10,09 metr\u0173 plot\u012f. Kaip patvirtino atidarymo renginyje dalyvavusios Lietuvos rekord\u0173 fiksavimo agent\u016bros \u201eFactum\u201c ekspertas, E. Muellerio k\u016brinys pasiek\u0117 did\u017eiausio 3D pie\u0161inio Lietuvoje rekord\u0105.<\/p>\n\n\n\n<p>K\u016brinyje pavaizduota ne vien\u0105 praeiv\u012f nustebti priversianti praraja, kurios dugne slypi Vir\u0161uli\u0161ki\u0173 atsinaujinim\u0105 simbolizuojantis jaunyst\u0117s \u0161altinis. J\u012f puo\u0161ia neu\u017emir\u0161tuol\u0117s.<\/p>\n\n\n\n<p>Kaip teigia pie\u0161in\u012f inicijavusios NT pl\u0117tros bendrov\u0117s \u201eOmberg group\u201c vadov\u0117 Dalia Andrulionien\u0117, tokiomis iniciatyvomis gaivinti miest\u0173 gyvenamuosius rajonus yra verslo atsakomyb\u0117.<\/p>\n\n\n\n<p>\u201eVir\u0161uli\u0161k\u0117s yra ypa\u010d perspektyvus sostin\u0117s rajonas, kuriame ne tik mes, bet ir kiti pl\u0117totojai gausiai vysto gyvenamuosius namus, biurus, kitus komercinius objektus. Vis d\u0117lto, reikia suprasti, kad rajon\u0173 gyvybei kurti neu\u017etenka tik \u012fvairialypi\u0173, funkcionali\u0173 NT projekt\u0173 \u2013 rajonams b\u016btina tur\u0117ti i\u0161skirtini\u0173 viet\u0173, kurios pritraukt\u0173 \u017emones i\u0161 kit\u0173 miesto ar net \u0161alies kampeli\u0173\u201c, \u2013 teigia D. Andrulionien\u0117.<\/p>\n\n\n\n<p>Pasak \u201eOmberg group\u201c rinkodaros ir komunikacijos vadov\u0117s Agn\u0117s Belickait\u0117s, pie\u0161inio id\u0117j\u0105 \u012fkv\u0117p\u0117 spaudos r\u016bm\u0173 vaidmuo kovose d\u0117l Lietuvos laisv\u0117s bei karas Ukrainoje.<\/p>\n\n\n\n<p>\u201eSeniai nor\u0117jome \u012fprasminti spaudos r\u016bm\u0173 istorij\u0105, \u0161ios vietos vaidmen\u012f m\u016bs\u0173 kovoje u\u017e laisv\u0119. Pasidalinus \u0161ia mintimi su k\u016br\u0117ju, jis, galvodamas apie \u0161iandien Ukrainoje vykstant\u012f kar\u0105, nusprend\u0117 k\u016brin\u012f pavadinti \u201eMeile ir baime\u201c: juo atspind\u0117ti, kokia brangi yra laisv\u0117 ir kaip nat\u016bralu bijoti j\u0105 prarasti\u201c, \u2013 pasakoja A. Belickait\u0117.<\/p>\n\n\n\n<p>Bir\u017eelio 2 d. \u012f Lietuv\u0105 i\u0161 Vokietijos atvyk\u0119s menininkas E. Muelleris gars\u0117ja \u012fsp\u016bdingais trima\u010diais pie\u0161iniais. Jis jau bene 30-met\u012f keliauja po vis\u0105 pasaul\u012f ir profesionaliai u\u017esiima gatv\u0117s menu. Apie jo patirt\u012f byloja ir \u201eMaestro Madonnari\u201c titulas, suteikiamas i\u0161kiliausiems gatv\u0117s menininkams.<\/p>\n\n\n\n<p>Vokie\u010diui taip pat priklauso du pasaulio rekordai u\u017e did\u017eiausius erdvinius gatv\u0117s pie\u0161inius. Apie jo darbus ra\u0161o \u201eThe Independent\u201c, BBC, \u201eThe Guardian\u201c ir kitos tarptautin\u0117s \u017einiasklaidos priemon\u0117s.<\/p>\n","protected":false},"parent":0,"template":"","news-cat":[38],"class_list":["post-1298","news","type-news","status-publish","hentry","news-cat-gera-zinia-en"],"acf":[],"yoast_head":"<!-- This site is optimized with the Yoast SEO plugin v27.4 - https:\/\/yoast.com\/product\/yoast-seo-wordpress\/ -->\n<title>Vilniuje pristatytas rekord\u0105 pasiek\u0119s 3D gatv\u0117s pie\u0161inys: id\u0117j\u0105 \u012fkv\u0117p\u0117 ir \u012fvykiai Ukrainoje - Omberg<\/title>\n<meta name=\"description\" content=\"Vilniuje bir\u017eelio 14 dien\u0105 pristatytas did\u017eiausias Baltijos \u0161alyse ir dyd\u017eio rekord\u0105 Lietuvoje pasiek\u0119s trimatis gatv\u0117s pie\u0161inys.\" \/>\n<meta name=\"robots\" content=\"index, follow, max-snippet:-1, max-image-preview:large, max-video-preview:-1\" \/>\n<link rel=\"canonical\" href=\"https:\/\/omberg.lt\/en\/news\/vilniuje-pristatytas-rekorda-pasiekes-3d-piesinys\/\" \/>\n<meta property=\"og:locale\" content=\"en_US\" \/>\n<meta property=\"og:type\" content=\"article\" \/>\n<meta property=\"og:title\" content=\"Vilniuje pristatytas rekord\u0105 pasiek\u0119s 3D gatv\u0117s pie\u0161inys: id\u0117j\u0105 \u012fkv\u0117p\u0117 ir \u012fvykiai Ukrainoje - Omberg\" \/>\n<meta property=\"og:description\" content=\"Vilniuje bir\u017eelio 14 dien\u0105 pristatytas did\u017eiausias Baltijos \u0161alyse ir dyd\u017eio rekord\u0105 Lietuvoje pasiek\u0119s trimatis gatv\u0117s pie\u0161inys.\" \/>\n<meta property=\"og:url\" content=\"https:\/\/omberg.lt\/en\/news\/vilniuje-pristatytas-rekorda-pasiekes-3d-piesinys\/\" \/>\n<meta property=\"og:site_name\" content=\"Omberg\" \/>\n<meta name=\"twitter:card\" content=\"summary_large_image\" \/>\n<meta name=\"twitter:label1\" content=\"Est. reading time\" \/>\n\t<meta name=\"twitter:data1\" content=\"2 minutes\" \/>\n<script type=\"application\/ld+json\" class=\"yoast-schema-graph\">{\"@context\":\"https:\\\/\\\/schema.org\",\"@graph\":[{\"@type\":\"WebPage\",\"@id\":\"https:\\\/\\\/omberg.lt\\\/en\\\/news\\\/vilniuje-pristatytas-rekorda-pasiekes-3d-piesinys\\\/\",\"url\":\"https:\\\/\\\/omberg.lt\\\/en\\\/news\\\/vilniuje-pristatytas-rekorda-pasiekes-3d-piesinys\\\/\",\"name\":\"Vilniuje pristatytas rekord\u0105 pasiek\u0119s 3D gatv\u0117s pie\u0161inys: id\u0117j\u0105 \u012fkv\u0117p\u0117 ir \u012fvykiai Ukrainoje - Omberg\",\"isPartOf\":{\"@id\":\"https:\\\/\\\/omberg.lt\\\/en\\\/#website\"},\"datePublished\":\"2022-06-30T06:01:52+00:00\",\"description\":\"Vilniuje bir\u017eelio 14 dien\u0105 pristatytas did\u017eiausias Baltijos \u0161alyse ir dyd\u017eio rekord\u0105 Lietuvoje pasiek\u0119s trimatis gatv\u0117s pie\u0161inys.\",\"breadcrumb\":{\"@id\":\"https:\\\/\\\/omberg.lt\\\/en\\\/news\\\/vilniuje-pristatytas-rekorda-pasiekes-3d-piesinys\\\/#breadcrumb\"},\"inLanguage\":\"en-US\",\"potentialAction\":[{\"@type\":\"ReadAction\",\"target\":[\"https:\\\/\\\/omberg.lt\\\/en\\\/news\\\/vilniuje-pristatytas-rekorda-pasiekes-3d-piesinys\\\/\"]}]},{\"@type\":\"BreadcrumbList\",\"@id\":\"https:\\\/\\\/omberg.lt\\\/en\\\/news\\\/vilniuje-pristatytas-rekorda-pasiekes-3d-piesinys\\\/#breadcrumb\",\"itemListElement\":[{\"@type\":\"ListItem\",\"position\":1,\"name\":\"Home\",\"item\":\"https:\\\/\\\/omberg.lt\\\/en\\\/omberg-group\\\/\"},{\"@type\":\"ListItem\",\"position\":2,\"name\":\"News\",\"item\":\"https:\\\/\\\/omberg.lt\\\/en\\\/news\\\/\"},{\"@type\":\"ListItem\",\"position\":3,\"name\":\"Vilniuje pristatytas rekord\u0105 pasiek\u0119s 3D gatv\u0117s pie\u0161inys: id\u0117j\u0105 \u012fkv\u0117p\u0117 ir \u012fvykiai Ukrainoje\"}]},{\"@type\":\"WebSite\",\"@id\":\"https:\\\/\\\/omberg.lt\\\/en\\\/#website\",\"url\":\"https:\\\/\\\/omberg.lt\\\/en\\\/\",\"name\":\"Omberg\",\"description\":\"Namai gyvenimui ir verslui\",\"potentialAction\":[{\"@type\":\"SearchAction\",\"target\":{\"@type\":\"EntryPoint\",\"urlTemplate\":\"https:\\\/\\\/omberg.lt\\\/en\\\/?s={search_term_string}\"},\"query-input\":{\"@type\":\"PropertyValueSpecification\",\"valueRequired\":true,\"valueName\":\"search_term_string\"}}],\"inLanguage\":\"en-US\"}]}<\/script>\n<!-- \/ Yoast SEO plugin. -->","yoast_head_json":{"title":"Vilniuje pristatytas rekord\u0105 pasiek\u0119s 3D gatv\u0117s pie\u0161inys: id\u0117j\u0105 \u012fkv\u0117p\u0117 ir \u012fvykiai Ukrainoje - Omberg","description":"Vilniuje bir\u017eelio 14 dien\u0105 pristatytas did\u017eiausias Baltijos \u0161alyse ir dyd\u017eio rekord\u0105 Lietuvoje pasiek\u0119s trimatis gatv\u0117s pie\u0161inys.","robots":{"index":"index","follow":"follow","max-snippet":"max-snippet:-1","max-image-preview":"max-image-preview:large","max-video-preview":"max-video-preview:-1"},"canonical":"https:\/\/omberg.lt\/en\/news\/vilniuje-pristatytas-rekorda-pasiekes-3d-piesinys\/","og_locale":"en_US","og_type":"article","og_title":"Vilniuje pristatytas rekord\u0105 pasiek\u0119s 3D gatv\u0117s pie\u0161inys: id\u0117j\u0105 \u012fkv\u0117p\u0117 ir \u012fvykiai Ukrainoje - Omberg","og_description":"Vilniuje bir\u017eelio 14 dien\u0105 pristatytas did\u017eiausias Baltijos \u0161alyse ir dyd\u017eio rekord\u0105 Lietuvoje pasiek\u0119s trimatis gatv\u0117s pie\u0161inys.","og_url":"https:\/\/omberg.lt\/en\/news\/vilniuje-pristatytas-rekorda-pasiekes-3d-piesinys\/","og_site_name":"Omberg","twitter_card":"summary_large_image","twitter_misc":{"Est. reading time":"2 minutes"},"schema":{"@context":"https:\/\/schema.org","@graph":[{"@type":"WebPage","@id":"https:\/\/omberg.lt\/en\/news\/vilniuje-pristatytas-rekorda-pasiekes-3d-piesinys\/","url":"https:\/\/omberg.lt\/en\/news\/vilniuje-pristatytas-rekorda-pasiekes-3d-piesinys\/","name":"Vilniuje pristatytas rekord\u0105 pasiek\u0119s 3D gatv\u0117s pie\u0161inys: id\u0117j\u0105 \u012fkv\u0117p\u0117 ir \u012fvykiai Ukrainoje - Omberg","isPartOf":{"@id":"https:\/\/omberg.lt\/en\/#website"},"datePublished":"2022-06-30T06:01:52+00:00","description":"Vilniuje bir\u017eelio 14 dien\u0105 pristatytas did\u017eiausias Baltijos \u0161alyse ir dyd\u017eio rekord\u0105 Lietuvoje pasiek\u0119s trimatis gatv\u0117s pie\u0161inys.","breadcrumb":{"@id":"https:\/\/omberg.lt\/en\/news\/vilniuje-pristatytas-rekorda-pasiekes-3d-piesinys\/#breadcrumb"},"inLanguage":"en-US","potentialAction":[{"@type":"ReadAction","target":["https:\/\/omberg.lt\/en\/news\/vilniuje-pristatytas-rekorda-pasiekes-3d-piesinys\/"]}]},{"@type":"BreadcrumbList","@id":"https:\/\/omberg.lt\/en\/news\/vilniuje-pristatytas-rekorda-pasiekes-3d-piesinys\/#breadcrumb","itemListElement":[{"@type":"ListItem","position":1,"name":"Home","item":"https:\/\/omberg.lt\/en\/omberg-group\/"},{"@type":"ListItem","position":2,"name":"News","item":"https:\/\/omberg.lt\/en\/news\/"},{"@type":"ListItem","position":3,"name":"Vilniuje pristatytas rekord\u0105 pasiek\u0119s 3D gatv\u0117s pie\u0161inys: id\u0117j\u0105 \u012fkv\u0117p\u0117 ir \u012fvykiai Ukrainoje"}]},{"@type":"WebSite","@id":"https:\/\/omberg.lt\/en\/#website","url":"https:\/\/omberg.lt\/en\/","name":"Omberg","description":"Namai gyvenimui ir verslui","potentialAction":[{"@type":"SearchAction","target":{"@type":"EntryPoint","urlTemplate":"https:\/\/omberg.lt\/en\/?s={search_term_string}"},"query-input":{"@type":"PropertyValueSpecification","valueRequired":true,"valueName":"search_term_string"}}],"inLanguage":"en-US"}]}},"_links":{"self":[{"href":"https:\/\/omberg.lt\/en\/wp-json\/wp\/v2\/news\/1298","targetHints":{"allow":["GET"]}}],"collection":[{"href":"https:\/\/omberg.lt\/en\/wp-json\/wp\/v2\/news"}],"about":[{"href":"https:\/\/omberg.lt\/en\/wp-json\/wp\/v2\/types\/news"}],"wp:attachment":[{"href":"https:\/\/omberg.lt\/en\/wp-json\/wp\/v2\/media?parent=1298"}],"wp:term":[{"taxonomy":"news-cat","embeddable":true,"href":"https:\/\/omberg.lt\/en\/wp-json\/wp\/v2\/news-cat?post=1298"}],"curies":[{"name":"wp","href":"https:\/\/api.w.org\/{rel}","templated":true}]}}