{"id":1311,"date":"2022-07-14T05:33:39","date_gmt":"2022-07-14T05:33:39","guid":{"rendered":"http:\/\/omberg.lt\/news\/uzburtas-elektromobiliu-ratas-iseiti-is-jo-gali-padeti-ir-verslas\/"},"modified":"2022-07-14T05:33:39","modified_gmt":"2022-07-14T05:33:39","slug":"uzburtas-elektromobiliu-ratas-iseiti-is-jo-gali-padeti-ir-verslas","status":"publish","type":"news","link":"https:\/\/omberg.lt\/en\/news\/uzburtas-elektromobiliu-ratas-iseiti-is-jo-gali-padeti-ir-verslas\/","title":{"rendered":"U\u017eburtas elektromobili\u0173 ratas: i\u0161eiti i\u0161 jo gali pad\u0117ti ir verslas"},"content":{"rendered":"\n<p><strong>Nepaisant skiriamos paramos u\u017e tradicinio automobilio i\u0161keitim\u0105 \u012f elektrin\u012f, Lietuvoje \u0161ios aplinkai draugi\u0161kos transporto priemon\u0117s vis dar i\u0161lieka gan retas rei\u0161kinys. Vienas pagrindini\u0173 stabd\u017ei\u0173 \u2013 nepakankamai i\u0161pl\u0117totas \u012fkrovimo tinklas. Nors valstyb\u0117 \u017eada tinkl\u0105 pl\u0117sti, i\u0161 u\u017eburto rato pad\u0117ti i\u0161tr\u016bkti gali ir verslo iniciatyvos.<\/strong><\/p>\n\n\n\n<p>Lietuva yra ma\u017eiausi\u0105 elektromobili\u0173 \u012fkrovimo stoteli\u0173 tinkl\u0105 turinti \u0161alis tarp 27 Europos S\u0105jungos valstybi\u0173, rodo Europos automobili\u0173 gamintoj\u0173 asociacijos (ACEA) 2020&nbsp; m. duomenys. Anot elektromobili\u0173 \u012fkrovimo stoteles \u017eymin\u010dio tinklalapio \u201ePlugshare.com\u201c, Vilniuje yra \u012frengta tik apie 120 vie\u0161\u0173 arba pusiau vie\u0161\u0173 stoteli\u0173.<\/p>\n\n\n\n<p>Pastebima, kad nemokam\u0173 \u012fkrovimo stoteli\u0173 skai\u010dius paskutiniais metais suma\u017e\u0117jo. Anks\u010diau miesto gyventojai savo elektromobilius gal\u0117jo \u012fkrauti prie did\u017ei\u0173j\u0173 prekybos ir pramog\u0173 centr\u0173, ta\u010diau dabar tai padaryti gali tik kai kuri\u0173 prekybos viet\u0173 stov\u0117jimo aik\u0161tel\u0117se.<\/p>\n\n\n\n<p>\u0160iuo metu atsi\u017evelgdami \u012f bendrojo naudojimo \u012fkrovos ta\u0161k\u0173 stok\u0105, elektromobilius \u012fsigyjantys gyventojai da\u017eniausiai patys pasir\u016bpina \u012fkrovimo galimyb\u0117mis, sako Laurynas Bogu\u0161evi\u010dius, automobiliais prekiaujan\u010dios \u012fmon\u0117s \u201eDeals on Wheels\u201c \u012fk\u016br\u0117jas.<\/p>\n\n\n\n<p>\u201eDid\u017eioji dalis t\u0173, kurie \u012fsigyja elektromobil\u012f, \u012fsirengia krovimo stoteles savo nuosavo namo kieme arba naudojasi tomis, kurios yra \u012frengtos priva\u010diose darboviet\u0117s kiemuose ir priva\u010diose daugiabu\u010di\u0173 stov\u0117jimo aik\u0161tel\u0117se. Netur\u0117dami \u0161i\u0173 galimybi\u0173, \u017emon\u0117s elektromobilio neperka, nes j\u012f pakrauti mieste ir nepatogu, ir brangu\u201c, \u2013 pastebi L. Bogu\u0161evi\u010dius.<\/p>\n\n\n\n<p>Susisiekimo ministerija tikisi iki 2030 met\u0173 elektrini\u0173 automobili\u0173 \u012fkrovimo tinkl\u0105 i\u0161pl\u0117sti \u2013 planuojama \u012frengti 60 t\u016bkst. elektromobili\u0173 \u012fkrovimo prieig\u0173, i\u0161 kuri\u0173 6 t\u016bkst. b\u016bt\u0173 vie\u0161osios arba pusiau vie\u0161osios. Ta\u010diau L. Bogu\u0161evi\u010diaus teigimu, \u0161is u\u017emojis gali b\u016bti per platus.<\/p>\n\n\n\n<p>\u201eValstybin\u0117s institucijos neturi toki\u0173 stoteli\u0173 infrastrukt\u016bros k\u016brimo ir i\u0161laikymo patirties. Tai \u012frodo ir paprastas pavyzdys \u2013 krovimo prieig\u0173 \u012frengimo s\u0105matoje n\u0117ra i\u0161laid\u0173 eilut\u0117s, susijusios su stoteli\u0173 prie\u017ei\u016bros ka\u0161tais, kurie pareikalaus daugiau pinig\u0173 nei pats \u012frengimo procesas. Tod\u0117l visgi protingesnis sprendimas b\u016bt\u0173 pasiremti Vakar\u0173 Europos \u0161ali\u0173 patirtimi \u2013 jose sudaromos s\u0105lygos toliau \u012f ateit\u012f \u017evelgian\u010diam, patyrusiam verslui pl\u0117toti ir i\u0161laikyti tok\u012f \u012fkrovos ta\u0161k\u0173 tinkl\u0105\u201c, \u2013 sako L. Bogu\u0161evi\u010dius.<\/p>\n\n\n\n<p><strong>Si\u016blydami elektromobili\u0173 vietas \u2013 \u017evelgia \u012f ateit\u012f<\/strong><\/p>\n\n\n\n<p>Nors \u0161iuo metu Lietuvoje skai\u010diuojama vos 6440 gryn\u0173j\u0173 elektromobili\u0173 ir \u012fkraunam\u0173 hibridini\u0173 automobili\u0173, daug\u0117ja NT pl\u0117totoj\u0173, kurie tiki, kad jau dabar reikia planuoti projektus taip, kad juose b\u016bt\u0173 numatyta daugiau vietos elektromobiliams.<\/p>\n\n\n\n<p>\u201ePl\u0117todami naujus projektus siekiame ne tik atitikti besikei\u010dian\u010dius gyventoj\u0173 l\u016bkes\u010dius projekt\u0173 estetikai ir technologiniams sprendimams, ta\u010diau ir aplinkos tausojimui. D\u0117l to, nepaisant kol kas ma\u017eo dabartinio elektromobili\u0173 populiarumo, nusprend\u0117me m\u016bs\u0173 projekto \u201eSkylum\u201c po\u017eemin\u0117je aik\u0161tel\u0117je, gyventojui pageidaujant, \u012frengti krovimo stotel\u0119 jo automobilio stov\u0117jimo vietoje\u201c, \u2013 sako NT pl\u0117tojimo bendrov\u0117s \u201eOmberg\u201c Pl\u0117tojimo direktorius Romanas Stoliarenko.<\/p>\n\n\n\n<p>Pasak atstovo, tikimasi, kad b\u016bsimi gyventojai, su\u017einoj\u0119, jog yra patogi galimyb\u0117 \u012fkrauti elektromobil\u012f savo daugiabu\u010dio po\u017eemin\u0117je aik\u0161tel\u0117je, ry\u0161is \u012fsigyti elektromobil\u012f ir taip prisid\u0117ti prie aplinkos tausojimo.&nbsp;Bendrov\u0117 ruo\u0161iasi patenkinti vis\u0173 esam\u0173 ar b\u016bsim\u0173 elektromobili\u0173 savinink\u0173 l\u016bkes\u010dius ir kiekvienam pageidaujan\u010diam \u012frengti asmenin\u0119 elektromobili\u0173 krovimo stotel\u0119.<\/p>\n\n\n\n<p>\u201eMes tikime, kad tiek valstyb\u0117s politikos, tiek atsakingo verslo iniciatyvos netrukus paskatins spartesn\u012f elektromobili\u0173 bum\u0105 Lietuvoje. Jo prad\u017ei\u0105 jau matome dabar \u2013 \u0161i\u0173 met\u0173 rugs\u0117j\u012f \u012fkraunam\u0173 automobili\u0173 skai\u010dius buvo 80 proc. didesnis nei pernai tuo pa\u010diu metu\u201c, \u2013 sako R. Stoliarenko.<\/p>\n\n\n\n<p>B\u016btinybei priva\u010diuose nam\u0173 kiemuose ar po\u017eemin\u0117se aik\u0161tel\u0117se \u012frengti \u012fkrovimo ta\u0161kus pritaria ir L. Bogu\u0161evi\u010dius.<\/p>\n\n\n\n<p>\u201eVisuomen\u0117je yra susiformav\u0119s elektromobili\u0173 ir j\u0173 \u012fkrovimo viet\u0173 paklausos ir pasi\u016blos u\u017edaras ratas. I\u0161 jo i\u0161tr\u016bkti pavyks tik tada, kai kritinis kiekis nam\u0173 \u016bki\u0173 \u012fsigis elektra varomas transporto priemones ir tur\u0117s galimyb\u0119 jas pasikrauti nam\u0173 aplinkoje \u012frengtuose krovimo ta\u0161kuose. Tada tie, kurie \u012frengia \u012fkrovimo stoteles suvoks, kad rinka yra ir pasir\u016bpins tinklo pl\u0117tra, didinan\u010dia bendro naudojimo stoteli\u0173 pasi\u016bl\u0105\u201c, \u2013 priduria L. Bogu\u0161evi\u010dius.<\/p>\n","protected":false},"parent":0,"template":"","news-cat":[38],"class_list":["post-1311","news","type-news","status-publish","hentry","news-cat-gera-zinia-en"],"acf":[],"yoast_head":"<!-- This site is optimized with the Yoast SEO plugin v27.4 - https:\/\/yoast.com\/product\/yoast-seo-wordpress\/ -->\n<title>U\u017eburtas elektromobili\u0173 ratas: i\u0161eiti i\u0161 jo gali pad\u0117ti ir verslas - Omberg<\/title>\n<meta name=\"robots\" content=\"index, follow, max-snippet:-1, max-image-preview:large, max-video-preview:-1\" \/>\n<link rel=\"canonical\" href=\"https:\/\/omberg.lt\/en\/news\/uzburtas-elektromobiliu-ratas-iseiti-is-jo-gali-padeti-ir-verslas\/\" \/>\n<meta property=\"og:locale\" content=\"en_US\" \/>\n<meta property=\"og:type\" content=\"article\" \/>\n<meta property=\"og:title\" content=\"U\u017eburtas elektromobili\u0173 ratas: i\u0161eiti i\u0161 jo gali pad\u0117ti ir verslas - Omberg\" \/>\n<meta property=\"og:description\" content=\"Nepaisant skiriamos paramos u\u017e tradicinio automobilio i\u0161keitim\u0105 \u012f elektrin\u012f, Lietuvoje \u0161ios aplinkai draugi\u0161kos transporto priemon\u0117s vis dar i\u0161lieka gan retas rei\u0161kinys. Vienas pagrindini\u0173 stabd\u017ei\u0173 \u2013 nepakankamai i\u0161pl\u0117totas \u012fkrovimo tinklas. Nors valstyb\u0117 \u017eada tinkl\u0105 pl\u0117sti, i\u0161 u\u017eburto rato pad\u0117ti i\u0161tr\u016bkti gali ir verslo iniciatyvos. Lietuva yra ma\u017eiausi\u0105 elektromobili\u0173 \u012fkrovimo stoteli\u0173 tinkl\u0105 turinti \u0161alis tarp 27 Europos &hellip; Continued\" \/>\n<meta property=\"og:url\" content=\"https:\/\/omberg.lt\/en\/news\/uzburtas-elektromobiliu-ratas-iseiti-is-jo-gali-padeti-ir-verslas\/\" \/>\n<meta property=\"og:site_name\" content=\"Omberg\" \/>\n<meta name=\"twitter:card\" content=\"summary_large_image\" \/>\n<meta name=\"twitter:label1\" content=\"Est. reading time\" \/>\n\t<meta name=\"twitter:data1\" content=\"3 minutes\" \/>\n<script type=\"application\/ld+json\" class=\"yoast-schema-graph\">{\"@context\":\"https:\\\/\\\/schema.org\",\"@graph\":[{\"@type\":\"WebPage\",\"@id\":\"https:\\\/\\\/omberg.lt\\\/en\\\/news\\\/uzburtas-elektromobiliu-ratas-iseiti-is-jo-gali-padeti-ir-verslas\\\/\",\"url\":\"https:\\\/\\\/omberg.lt\\\/en\\\/news\\\/uzburtas-elektromobiliu-ratas-iseiti-is-jo-gali-padeti-ir-verslas\\\/\",\"name\":\"U\u017eburtas elektromobili\u0173 ratas: i\u0161eiti i\u0161 jo gali pad\u0117ti ir verslas - Omberg\",\"isPartOf\":{\"@id\":\"https:\\\/\\\/omberg.lt\\\/en\\\/#website\"},\"datePublished\":\"2022-07-14T05:33:39+00:00\",\"breadcrumb\":{\"@id\":\"https:\\\/\\\/omberg.lt\\\/en\\\/news\\\/uzburtas-elektromobiliu-ratas-iseiti-is-jo-gali-padeti-ir-verslas\\\/#breadcrumb\"},\"inLanguage\":\"en-US\",\"potentialAction\":[{\"@type\":\"ReadAction\",\"target\":[\"https:\\\/\\\/omberg.lt\\\/en\\\/news\\\/uzburtas-elektromobiliu-ratas-iseiti-is-jo-gali-padeti-ir-verslas\\\/\"]}]},{\"@type\":\"BreadcrumbList\",\"@id\":\"https:\\\/\\\/omberg.lt\\\/en\\\/news\\\/uzburtas-elektromobiliu-ratas-iseiti-is-jo-gali-padeti-ir-verslas\\\/#breadcrumb\",\"itemListElement\":[{\"@type\":\"ListItem\",\"position\":1,\"name\":\"Home\",\"item\":\"https:\\\/\\\/omberg.lt\\\/en\\\/omberg-group\\\/\"},{\"@type\":\"ListItem\",\"position\":2,\"name\":\"News\",\"item\":\"https:\\\/\\\/omberg.lt\\\/en\\\/news\\\/\"},{\"@type\":\"ListItem\",\"position\":3,\"name\":\"U\u017eburtas elektromobili\u0173 ratas: i\u0161eiti i\u0161 jo gali pad\u0117ti ir verslas\"}]},{\"@type\":\"WebSite\",\"@id\":\"https:\\\/\\\/omberg.lt\\\/en\\\/#website\",\"url\":\"https:\\\/\\\/omberg.lt\\\/en\\\/\",\"name\":\"Omberg\",\"description\":\"Namai gyvenimui ir verslui\",\"potentialAction\":[{\"@type\":\"SearchAction\",\"target\":{\"@type\":\"EntryPoint\",\"urlTemplate\":\"https:\\\/\\\/omberg.lt\\\/en\\\/?s={search_term_string}\"},\"query-input\":{\"@type\":\"PropertyValueSpecification\",\"valueRequired\":true,\"valueName\":\"search_term_string\"}}],\"inLanguage\":\"en-US\"}]}<\/script>\n<!-- \/ Yoast SEO plugin. -->","yoast_head_json":{"title":"U\u017eburtas elektromobili\u0173 ratas: i\u0161eiti i\u0161 jo gali pad\u0117ti ir verslas - Omberg","robots":{"index":"index","follow":"follow","max-snippet":"max-snippet:-1","max-image-preview":"max-image-preview:large","max-video-preview":"max-video-preview:-1"},"canonical":"https:\/\/omberg.lt\/en\/news\/uzburtas-elektromobiliu-ratas-iseiti-is-jo-gali-padeti-ir-verslas\/","og_locale":"en_US","og_type":"article","og_title":"U\u017eburtas elektromobili\u0173 ratas: i\u0161eiti i\u0161 jo gali pad\u0117ti ir verslas - Omberg","og_description":"Nepaisant skiriamos paramos u\u017e tradicinio automobilio i\u0161keitim\u0105 \u012f elektrin\u012f, Lietuvoje \u0161ios aplinkai draugi\u0161kos transporto priemon\u0117s vis dar i\u0161lieka gan retas rei\u0161kinys. Vienas pagrindini\u0173 stabd\u017ei\u0173 \u2013 nepakankamai i\u0161pl\u0117totas \u012fkrovimo tinklas. Nors valstyb\u0117 \u017eada tinkl\u0105 pl\u0117sti, i\u0161 u\u017eburto rato pad\u0117ti i\u0161tr\u016bkti gali ir verslo iniciatyvos. Lietuva yra ma\u017eiausi\u0105 elektromobili\u0173 \u012fkrovimo stoteli\u0173 tinkl\u0105 turinti \u0161alis tarp 27 Europos &hellip; Continued","og_url":"https:\/\/omberg.lt\/en\/news\/uzburtas-elektromobiliu-ratas-iseiti-is-jo-gali-padeti-ir-verslas\/","og_site_name":"Omberg","twitter_card":"summary_large_image","twitter_misc":{"Est. reading time":"3 minutes"},"schema":{"@context":"https:\/\/schema.org","@graph":[{"@type":"WebPage","@id":"https:\/\/omberg.lt\/en\/news\/uzburtas-elektromobiliu-ratas-iseiti-is-jo-gali-padeti-ir-verslas\/","url":"https:\/\/omberg.lt\/en\/news\/uzburtas-elektromobiliu-ratas-iseiti-is-jo-gali-padeti-ir-verslas\/","name":"U\u017eburtas elektromobili\u0173 ratas: i\u0161eiti i\u0161 jo gali pad\u0117ti ir verslas - Omberg","isPartOf":{"@id":"https:\/\/omberg.lt\/en\/#website"},"datePublished":"2022-07-14T05:33:39+00:00","breadcrumb":{"@id":"https:\/\/omberg.lt\/en\/news\/uzburtas-elektromobiliu-ratas-iseiti-is-jo-gali-padeti-ir-verslas\/#breadcrumb"},"inLanguage":"en-US","potentialAction":[{"@type":"ReadAction","target":["https:\/\/omberg.lt\/en\/news\/uzburtas-elektromobiliu-ratas-iseiti-is-jo-gali-padeti-ir-verslas\/"]}]},{"@type":"BreadcrumbList","@id":"https:\/\/omberg.lt\/en\/news\/uzburtas-elektromobiliu-ratas-iseiti-is-jo-gali-padeti-ir-verslas\/#breadcrumb","itemListElement":[{"@type":"ListItem","position":1,"name":"Home","item":"https:\/\/omberg.lt\/en\/omberg-group\/"},{"@type":"ListItem","position":2,"name":"News","item":"https:\/\/omberg.lt\/en\/news\/"},{"@type":"ListItem","position":3,"name":"U\u017eburtas elektromobili\u0173 ratas: i\u0161eiti i\u0161 jo gali pad\u0117ti ir verslas"}]},{"@type":"WebSite","@id":"https:\/\/omberg.lt\/en\/#website","url":"https:\/\/omberg.lt\/en\/","name":"Omberg","description":"Namai gyvenimui ir verslui","potentialAction":[{"@type":"SearchAction","target":{"@type":"EntryPoint","urlTemplate":"https:\/\/omberg.lt\/en\/?s={search_term_string}"},"query-input":{"@type":"PropertyValueSpecification","valueRequired":true,"valueName":"search_term_string"}}],"inLanguage":"en-US"}]}},"_links":{"self":[{"href":"https:\/\/omberg.lt\/en\/wp-json\/wp\/v2\/news\/1311","targetHints":{"allow":["GET"]}}],"collection":[{"href":"https:\/\/omberg.lt\/en\/wp-json\/wp\/v2\/news"}],"about":[{"href":"https:\/\/omberg.lt\/en\/wp-json\/wp\/v2\/types\/news"}],"wp:attachment":[{"href":"https:\/\/omberg.lt\/en\/wp-json\/wp\/v2\/media?parent=1311"}],"wp:term":[{"taxonomy":"news-cat","embeddable":true,"href":"https:\/\/omberg.lt\/en\/wp-json\/wp\/v2\/news-cat?post=1311"}],"curies":[{"name":"wp","href":"https:\/\/api.w.org\/{rel}","templated":true}]}}